{"id":38,"date":"2020-12-09T11:29:11","date_gmt":"2020-12-09T10:29:11","guid":{"rendered":"http:\/\/p3038.phpnet.org\/atpme\/?p=38"},"modified":"2020-12-09T11:35:57","modified_gmt":"2020-12-09T10:35:57","slug":"cession-pme-npdc-travaux-de-platrerie","status":"publish","type":"post","link":"https:\/\/www.atpme.fr\/index.php\/2020\/12\/09\/cession-pme-npdc-travaux-de-platrerie\/","title":{"rendered":"Cession PME  > Nord-Pas-de-Calais > Travaux de pl\u00e2trerie, faux-plafonds -isolation int\u00e9rieure"},"content":{"rendered":"\n<h4 class=\"has-luminous-vivid-orange-color has-text-color wp-block-heading\"><strong><strong><strong><strong>&nbsp;ref&nbsp;DF1904004&nbsp;: Cession PME<\/strong><\/strong><\/strong><\/strong><\/h4>\n\n\n\n<p><strong>R\u00e9gion de localisation<\/strong> : Nord-Pas-de-Calais<br><strong>Sp\u00e9cialit\u00e9<\/strong> : Travaux de pl\u00e2trerie &#8211; faux-plafonds &#8211; isolation int\u00e9rieure<br><strong>Type de soci\u00e9t\u00e9 <\/strong>: SARL<br><strong>Typologie de client\u00e8le <\/strong>: March\u00e9s professionnels (bailleurs sociaux, syndics, constructeurs)<br><strong>Cause de la cession <\/strong>: D\u00e9part \u00e0 la retraite<br><strong>Objet de la cession <\/strong>: Titres sociaux<br><strong>Chiffre d\u2019affaires du dernier exercice<\/strong> : &gt; 1 300 K\u20ac<br><strong>Nombre de salari\u00e9s <\/strong>: 14<br><strong>Prix de cession souhait\u00e9<\/strong> : 400 K\u20ac<br><strong>Profil du repreneur <\/strong>: Technico-commercial avec connaissance du secteur OU Professionel<br><strong>Renseignements compl\u00e9mentaires<\/strong> : Historique avec savoir-faire. Profitabilit\u00e9. Structure patrimoniale saine avec tr\u00e9sorerie confortable. Accompagnement souple du c\u00e9dant<\/p>\n\n\n\n<p>&nbsp;<a href=\"mailto:dfagete@forces.fr?subject=Cession%20PME&amp;body=ATPME%20%3A%20cession%20pme%20DF1904001\">Didier Fag\u00e8te<\/a>&nbsp;&#8211; 06 82 93 33 89.<\/p>\n\n\n\n<p><\/p>\n","protected":false},"excerpt":{"rendered":"<p>R\u00e9f\u00e9rence : DF1904004<br \/>\nSp\u00e9cialit\u00e9 : Travaux de pl\u00e2trerie &#8211; faux-plafonds &#8211; isolation int\u00e9rieure<br \/>\nSituation g\u00e9ographique : Nord-Pas-de-Calais<br \/>\nPrix : 400 K\u20ac<\/p>\n","protected":false},"author":1,"featured_media":0,"comment_status":"closed","ping_status":"open","sticky":false,"template":"","format":"standard","meta":[],"categories":[4],"tags":[39,37,38,6,10],"_links":{"self":[{"href":"https:\/\/www.atpme.fr\/index.php\/wp-json\/wp\/v2\/posts\/38"}],"collection":[{"href":"https:\/\/www.atpme.fr\/index.php\/wp-json\/wp\/v2\/posts"}],"about":[{"href":"https:\/\/www.atpme.fr\/index.php\/wp-json\/wp\/v2\/types\/post"}],"author":[{"embeddable":true,"href":"https:\/\/www.atpme.fr\/index.php\/wp-json\/wp\/v2\/users\/1"}],"replies":[{"embeddable":true,"href":"https:\/\/www.atpme.fr\/index.php\/wp-json\/wp\/v2\/comments?post=38"}],"version-history":[{"count":3,"href":"https:\/\/www.atpme.fr\/index.php\/wp-json\/wp\/v2\/posts\/38\/revisions"}],"predecessor-version":[{"id":124,"href":"https:\/\/www.atpme.fr\/index.php\/wp-json\/wp\/v2\/posts\/38\/revisions\/124"}],"wp:attachment":[{"href":"https:\/\/www.atpme.fr\/index.php\/wp-json\/wp\/v2\/media?parent=38"}],"wp:term":[{"taxonomy":"category","embeddable":true,"href":"https:\/\/www.atpme.fr\/index.php\/wp-json\/wp\/v2\/categories?post=38"},{"taxonomy":"post_tag","embeddable":true,"href":"https:\/\/www.atpme.fr\/index.php\/wp-json\/wp\/v2\/tags?post=38"}],"curies":[{"name":"wp","href":"https:\/\/api.w.org\/{rel}","templated":true}]}}