{"id":308,"date":"2024-10-01T10:01:00","date_gmt":"2024-10-01T08:01:00","guid":{"rendered":"https:\/\/www.atpme.fr\/?p=308"},"modified":"2025-01-31T15:47:53","modified_gmt":"2025-01-31T14:47:53","slug":"vente-entreprise-de-batiment-centre-menuiserie-alu-pvc-bois-et-mixte-ebenisterie-agencements-interieurs","status":"publish","type":"post","link":"https:\/\/www.atpme.fr\/index.php\/2024\/10\/01\/vente-entreprise-de-batiment-centre-menuiserie-alu-pvc-bois-et-mixte-ebenisterie-agencements-interieurs\/","title":{"rendered":"Vente entreprise de b\u00e2timent  > Centre > Menuiserie Alu PVC Bois et Mixte Eb\u00e9nisterie Agencements int\u00e9rieurs"},"content":{"rendered":"\n<h4 class=\"wp-block-heading has-luminous-vivid-orange-color has-text-color\"><strong><strong><strong><strong><strong>ref\u00a0<strong><strong><strong>DF2407001<\/strong><\/strong><\/strong><\/strong><\/strong><\/strong><\/strong><\/strong> <strong><strong><strong><strong><strong>: vente entreprise de b\u00e2timen<\/strong><\/strong><\/strong><\/strong><\/strong>t<\/h4>\n\n\n\n<p><strong>R\u00e9gion de localisation<\/strong> : Centre<br><strong>Sp\u00e9cialit\u00e9<\/strong> : Menuiserie Alu PVC Bois et Mixte Eb\u00e9nisterie Agencements int\u00e9rieurs<br><strong>Type de soci\u00e9t\u00e9<\/strong> : Entreprise Individuelle<br><strong>Typologie de client\u00e8le <\/strong>: Particuliers<br><strong>Cause de la cession<\/strong> : D\u00e9part en retraite<br><strong>Objet de la cession<\/strong> : Fonds de commerce<br><strong><strong>Chiffre d\u2019affaires<\/strong> :<\/strong> > 700 K\u20ac<br><strong><strong>Effectif \u00a0:<\/strong> <\/strong>5<br><strong>Prix de cession souhait\u00e9 :<\/strong> 250 K\u20ac<br><strong>Profil du repreneur <\/strong>: Professionnel du secteur\u00a0 OU Croissance externe<br><strong>Renseignements compl\u00e9mentaires<\/strong> : <\/p>\n\n\n\n<p>Historique avec savoir-faire technique. Bon outil de travail. Equipe autonome. Cession souhait\u00e9e de l\u2019immobilier d\u2019exploitation 650 K\u20ac. Accompagnement souple du c\u00e9dant.<\/p>\n\n\n\n<p>&nbsp;<a href=\"mailto:dfagete@forces.fr?subject=Cession%20PME&amp;body=ATPME%20%3A%20cession%20pme%20DF1904001\">Didier Fag\u00e8te<\/a>&nbsp;&#8211; 06 82 93 33 89.<\/p>\n\n\n\n<p><\/p>\n","protected":false},"excerpt":{"rendered":"<p>R\u00e9f\u00e9rence : DF2407001<br \/>\nSp\u00e9cialit\u00e9 : Menuiserie Alu PVC Bois et Mixte Eb\u00e9nisterie Agencements int\u00e9rieurs<br \/>\nSituation g\u00e9ographique : Centre<\/p>\n","protected":false},"author":1,"featured_media":0,"comment_status":"open","ping_status":"open","sticky":false,"template":"","format":"standard","meta":[],"categories":[8],"tags":[33,7,62,63,12,27,64],"_links":{"self":[{"href":"https:\/\/www.atpme.fr\/index.php\/wp-json\/wp\/v2\/posts\/308"}],"collection":[{"href":"https:\/\/www.atpme.fr\/index.php\/wp-json\/wp\/v2\/posts"}],"about":[{"href":"https:\/\/www.atpme.fr\/index.php\/wp-json\/wp\/v2\/types\/post"}],"author":[{"embeddable":true,"href":"https:\/\/www.atpme.fr\/index.php\/wp-json\/wp\/v2\/users\/1"}],"replies":[{"embeddable":true,"href":"https:\/\/www.atpme.fr\/index.php\/wp-json\/wp\/v2\/comments?post=308"}],"version-history":[{"count":1,"href":"https:\/\/www.atpme.fr\/index.php\/wp-json\/wp\/v2\/posts\/308\/revisions"}],"predecessor-version":[{"id":309,"href":"https:\/\/www.atpme.fr\/index.php\/wp-json\/wp\/v2\/posts\/308\/revisions\/309"}],"wp:attachment":[{"href":"https:\/\/www.atpme.fr\/index.php\/wp-json\/wp\/v2\/media?parent=308"}],"wp:term":[{"taxonomy":"category","embeddable":true,"href":"https:\/\/www.atpme.fr\/index.php\/wp-json\/wp\/v2\/categories?post=308"},{"taxonomy":"post_tag","embeddable":true,"href":"https:\/\/www.atpme.fr\/index.php\/wp-json\/wp\/v2\/tags?post=308"}],"curies":[{"name":"wp","href":"https:\/\/api.w.org\/{rel}","templated":true}]}}